{"id":2149,"date":"2024-10-08T17:27:25","date_gmt":"2024-10-08T15:27:25","guid":{"rendered":"http:\/\/www.trgovinica-zebra.si\/?p=2149"},"modified":"2024-10-08T17:27:26","modified_gmt":"2024-10-08T15:27:26","slug":"modre-pticje-misli-izlozba","status":"publish","type":"post","link":"http:\/\/www.trgovinica-zebra.si\/en\/modre-pticje-misli-izlozba\/","title":{"rendered":"Modre pti\u010dje misli, izlo\u017eba"},"content":{"rendered":"\n\n\n<p>Za moder za\u010detek<\/p>\n<p>Prvi mesec novega \u0161olskega leta so izlo\u017ebo na\u0161e trgovinice krasile slike osnovno\u0161olcev, nastale junija v Zebri, pti\u010dje hi\u0161ice in ostali leseni izdelki, ki so jih naredili dijaki lesarstva in zvezki dijakinje grafi\u010dne smeri na na\u0161i srednji \u0161oli.<\/p>\n<p>Tudi tokrat je izlo\u017eba prejela \u0161tevilne pohvale!<\/p>\n<div id=\"attachment_2145\" style=\"width: 686px\" class=\"wp-caption aligncenter\"><img loading=\"lazy\" decoding=\"async\" aria-describedby=\"caption-attachment-2145\" class=\"size-large wp-image-2145\" src=\"http:\/\/www.trgovinica-zebra.si\/wp-content\/uploads\/2024\/06\/Modre-pticje-misli--768x1024.jpg\" alt=\"Modre pti\u010dje misli, izlo\u017eba\" width=\"676\" height=\"901\" srcset=\"http:\/\/www.trgovinica-zebra.si\/wp-content\/uploads\/2024\/06\/Modre-pticje-misli--768x1024.jpg 768w, http:\/\/www.trgovinica-zebra.si\/wp-content\/uploads\/2024\/06\/Modre-pticje-misli--225x300.jpg 225w, http:\/\/www.trgovinica-zebra.si\/wp-content\/uploads\/2024\/06\/Modre-pticje-misli--1152x1536.jpg 1152w, http:\/\/www.trgovinica-zebra.si\/wp-content\/uploads\/2024\/06\/Modre-pticje-misli--945x1260.jpg 945w, http:\/\/www.trgovinica-zebra.si\/wp-content\/uploads\/2024\/06\/Modre-pticje-misli--600x800.jpg 600w, http:\/\/www.trgovinica-zebra.si\/wp-content\/uploads\/2024\/06\/Modre-pticje-misli--rotated.jpg 1512w\" sizes=\"auto, (max-width: 676px) 100vw, 676px\" \/><p id=\"caption-attachment-2145\" class=\"wp-caption-text\">izlo\u017eba<\/p><\/div>\n","protected":false},"excerpt":{"rendered":"<p>Za moder za\u010detek Prvi mesec novega \u0161olskega leta so izlo\u017ebo na\u0161e trgovinice krasile slike osnovno\u0161olcev, nastale junija v Zebri, pti\u010dje hi\u0161ice in ostali leseni izdelki, ki so jih naredili dijaki lesarstva in zvezki dijakinje grafi\u010dne smeri na na\u0161i srednji \u0161oli. Tudi tokrat je izlo\u017eba prejela \u0161tevilne pohvale!<\/p>\n","protected":false},"author":2,"featured_media":0,"comment_status":"closed","ping_status":"open","sticky":false,"template":"","format":"standard","meta":{"footnotes":""},"categories":[16],"tags":[],"class_list":["post-2149","post","type-post","status-publish","format-standard","hentry","category-obvestilo"],"translation":{"provider":"WPGlobus","version":"3.0.0","language":"en","enabled_languages":["sl","en"],"languages":{"sl":{"title":true,"content":true,"excerpt":false},"en":{"title":false,"content":false,"excerpt":false}}},"_links":{"self":[{"href":"http:\/\/www.trgovinica-zebra.si\/en\/wp-json\/wp\/v2\/posts\/2149","targetHints":{"allow":["GET"]}}],"collection":[{"href":"http:\/\/www.trgovinica-zebra.si\/en\/wp-json\/wp\/v2\/posts"}],"about":[{"href":"http:\/\/www.trgovinica-zebra.si\/en\/wp-json\/wp\/v2\/types\/post"}],"author":[{"embeddable":true,"href":"http:\/\/www.trgovinica-zebra.si\/en\/wp-json\/wp\/v2\/users\/2"}],"replies":[{"embeddable":true,"href":"http:\/\/www.trgovinica-zebra.si\/en\/wp-json\/wp\/v2\/comments?post=2149"}],"version-history":[{"count":0,"href":"http:\/\/www.trgovinica-zebra.si\/en\/wp-json\/wp\/v2\/posts\/2149\/revisions"}],"wp:attachment":[{"href":"http:\/\/www.trgovinica-zebra.si\/en\/wp-json\/wp\/v2\/media?parent=2149"}],"wp:term":[{"taxonomy":"category","embeddable":true,"href":"http:\/\/www.trgovinica-zebra.si\/en\/wp-json\/wp\/v2\/categories?post=2149"},{"taxonomy":"post_tag","embeddable":true,"href":"http:\/\/www.trgovinica-zebra.si\/en\/wp-json\/wp\/v2\/tags?post=2149"}],"curies":[{"name":"wp","href":"https:\/\/api.w.org\/{rel}","templated":true}]}}