{"id":2091,"date":"2023-10-12T10:40:27","date_gmt":"2023-10-12T08:40:27","guid":{"rendered":"http:\/\/www.trgovinica-zebra.si\/?p=2091"},"modified":"2023-10-12T10:41:36","modified_gmt":"2023-10-12T08:41:36","slug":"planet-asperger","status":"publish","type":"post","link":"http:\/\/www.trgovinica-zebra.si\/en\/planet-asperger\/","title":{"rendered":"The Planet Asperger"},"content":{"rendered":"\n<p>On Wednesday, the <strong>11th of October 2023, at 5 o&#8217;clock pm, we had very special guest, author of very special book<\/strong>:<\/p>\n<p><strong>The Planet Asperger \u2013 The guide for parents of children with autism,<\/strong><\/p>\n<p><strong>mrs Mojca Mihel\u010di\u010d. Conversation with her was leaded by our colleague, librarian Nina Jan\u017eekovi\u010d.\u00a0<\/strong><\/p>\n<div id=\"attachment_2092\" style=\"width: 686px\" class=\"wp-caption aligncenter\"><img loading=\"lazy\" decoding=\"async\" aria-describedby=\"caption-attachment-2092\" class=\"size-large wp-image-2092\" src=\"http:\/\/www.trgovinica-zebra.si\/wp-content\/uploads\/2023\/10\/Planet-Asperger-11-10-23-1024x768.jpg\" alt=\"Planet Asperger\" width=\"676\" height=\"507\" srcset=\"http:\/\/www.trgovinica-zebra.si\/wp-content\/uploads\/2023\/10\/Planet-Asperger-11-10-23-1024x768.jpg 1024w, http:\/\/www.trgovinica-zebra.si\/wp-content\/uploads\/2023\/10\/Planet-Asperger-11-10-23-300x225.jpg 300w, http:\/\/www.trgovinica-zebra.si\/wp-content\/uploads\/2023\/10\/Planet-Asperger-11-10-23-768x576.jpg 768w, http:\/\/www.trgovinica-zebra.si\/wp-content\/uploads\/2023\/10\/Planet-Asperger-11-10-23-945x709.jpg 945w, http:\/\/www.trgovinica-zebra.si\/wp-content\/uploads\/2023\/10\/Planet-Asperger-11-10-23-600x450.jpg 600w, http:\/\/www.trgovinica-zebra.si\/wp-content\/uploads\/2023\/10\/Planet-Asperger-11-10-23.jpg 1440w\" sizes=\"auto, (max-width: 676px) 100vw, 676px\" \/><p id=\"caption-attachment-2092\" class=\"wp-caption-text\">Planet Asperger<\/p><\/div>\n","protected":false},"excerpt":{"rendered":"<p>On Wednesday, the 11th of October 2023, at 5 o&#8217;clock pm, we had very special guest, author of very special book: The Planet Asperger \u2013 The guide for parents of children with autism, mrs Mojca Mihel\u010di\u010d. Conversation with her was leaded by our colleague, librarian Nina Jan\u017eekovi\u010d.\u00a0<\/p>\n","protected":false},"author":2,"featured_media":0,"comment_status":"closed","ping_status":"open","sticky":false,"template":"","format":"standard","meta":{"footnotes":""},"categories":[16],"tags":[],"class_list":["post-2091","post","type-post","status-publish","format-standard","hentry","category-obvestilo"],"translation":{"provider":"WPGlobus","version":"3.0.0","language":"en","enabled_languages":["sl","en"],"languages":{"sl":{"title":true,"content":true,"excerpt":false},"en":{"title":true,"content":true,"excerpt":false}}},"_links":{"self":[{"href":"http:\/\/www.trgovinica-zebra.si\/en\/wp-json\/wp\/v2\/posts\/2091","targetHints":{"allow":["GET"]}}],"collection":[{"href":"http:\/\/www.trgovinica-zebra.si\/en\/wp-json\/wp\/v2\/posts"}],"about":[{"href":"http:\/\/www.trgovinica-zebra.si\/en\/wp-json\/wp\/v2\/types\/post"}],"author":[{"embeddable":true,"href":"http:\/\/www.trgovinica-zebra.si\/en\/wp-json\/wp\/v2\/users\/2"}],"replies":[{"embeddable":true,"href":"http:\/\/www.trgovinica-zebra.si\/en\/wp-json\/wp\/v2\/comments?post=2091"}],"version-history":[{"count":0,"href":"http:\/\/www.trgovinica-zebra.si\/en\/wp-json\/wp\/v2\/posts\/2091\/revisions"}],"wp:attachment":[{"href":"http:\/\/www.trgovinica-zebra.si\/en\/wp-json\/wp\/v2\/media?parent=2091"}],"wp:term":[{"taxonomy":"category","embeddable":true,"href":"http:\/\/www.trgovinica-zebra.si\/en\/wp-json\/wp\/v2\/categories?post=2091"},{"taxonomy":"post_tag","embeddable":true,"href":"http:\/\/www.trgovinica-zebra.si\/en\/wp-json\/wp\/v2\/tags?post=2091"}],"curies":[{"name":"wp","href":"https:\/\/api.w.org\/{rel}","templated":true}]}}