{"id":2035,"date":"2023-04-17T07:42:09","date_gmt":"2023-04-17T05:42:09","guid":{"rendered":"http:\/\/www.trgovinica-zebra.si\/?p=2035"},"modified":"2023-04-29T08:39:50","modified_gmt":"2023-04-29T06:39:50","slug":"vabimo-vas-na-predavanje-z-naslovom","status":"publish","type":"post","link":"http:\/\/www.trgovinica-zebra.si\/en\/vabimo-vas-na-predavanje-z-naslovom\/","title":{"rendered":"<strong>Vabimo vas na predavanje z naslovom:<\/strong>"},"content":{"rendered":"\n<p><strong>\u00bbMislim, da ima moj otrok posebne potrebe. Kaj pa zdaj?\u00ab,<\/strong><\/p>\n\n\n\n<p><strong>v sredo, 19. aprila 2023, ob 17. uri.<\/strong><\/p>\n\n\n\n<p><strong>Sredino predavanje je pripravila na\u0161a sodelavka, psihologinja Marjetka Mrak, ki ima dolgoletne izku\u0161nje pri delu z otroki in mladostniki. <\/strong><\/p>\n<p><strong>Kot svetovalna delavka je Marjetka Mrak najprej delala v redni osnovni \u0161oli, zdaj pa v na\u0161em Zavodu za gluhe in naglu\u0161ne Ljubljana, kjer se pri svojem delu sre\u010duje tako s pred\u0161olskimi otroki kot s srednje\u0161olci. <\/strong><\/p>\n<p><strong>Ker \u017ee vrsto let vodi tudi komisijo za usmerjanje otrok s posebnimi potrebami, ki deluje v okviru Zavoda za \u0161olstvo, nam bo Marjetka Mrak govorila o tem kam in kdaj se obrniti na pomo\u010d, \u010de opa\u017eate odstopanja v otrokovem razvoju in funkcioniranju ter predstavila sam postopek usmerjanja in delo komisij za usmerjanje otrok s posebnimi potrebami. <\/strong><\/p>\n<p><strong>\u00a0<\/strong><\/p>\n<p><strong>Predavanje bo v knjigarni in trgovinici Zavoda za gluhe in naglu\u0161ne Ljubljana Zebra Gre Na Luno, na Starem trgu 24 v Ljubljani in je namenjeno star\u0161em, vzgojiteljem, u\u010diteljem, svetovalnim delavcem in vsem, ki vas tematika zanima.<\/strong><\/p>\n<p><strong>Vstop je prost, za\u017eeleno pa je, da svojo udele\u017ebo potrdite na e-naslov:<\/strong><\/p>\n<p><a href=\"mailto:trgovinica@zgnl.si\"><strong>trgovinica@zgnl.si<\/strong><\/a><strong> ali po telefonu, na \u0161t.: 01 320 44 88.<\/strong><\/p>\n<p><strong>Prijazno vabljeni!<\/strong><\/p>\n<div id=\"attachment_2052\" style=\"width: 686px\" class=\"wp-caption aligncenter\"><img loading=\"lazy\" decoding=\"async\" aria-describedby=\"caption-attachment-2052\" class=\"size-large wp-image-2052\" src=\"http:\/\/www.trgovinica-zebra.si\/wp-content\/uploads\/2023\/04\/Marjetka-Mrak-1024x768.jpg\" alt=\"predavanje\" width=\"676\" height=\"507\" srcset=\"http:\/\/www.trgovinica-zebra.si\/wp-content\/uploads\/2023\/04\/Marjetka-Mrak-1024x768.jpg 1024w, http:\/\/www.trgovinica-zebra.si\/wp-content\/uploads\/2023\/04\/Marjetka-Mrak-300x225.jpg 300w, http:\/\/www.trgovinica-zebra.si\/wp-content\/uploads\/2023\/04\/Marjetka-Mrak-768x576.jpg 768w, http:\/\/www.trgovinica-zebra.si\/wp-content\/uploads\/2023\/04\/Marjetka-Mrak-1536x1152.jpg 1536w, http:\/\/www.trgovinica-zebra.si\/wp-content\/uploads\/2023\/04\/Marjetka-Mrak-945x709.jpg 945w, http:\/\/www.trgovinica-zebra.si\/wp-content\/uploads\/2023\/04\/Marjetka-Mrak-600x450.jpg 600w, http:\/\/www.trgovinica-zebra.si\/wp-content\/uploads\/2023\/04\/Marjetka-Mrak.jpg 2016w\" sizes=\"auto, (max-width: 676px) 100vw, 676px\" \/><p id=\"caption-attachment-2052\" class=\"wp-caption-text\">Marjetka Mrak<\/p><\/div>\n","protected":false},"excerpt":{"rendered":"<p>\u00bbMislim, da ima moj otrok posebne potrebe. Kaj pa zdaj?\u00ab, v sredo, 19. aprila 2023, ob 17. uri. Sredino predavanje je pripravila na\u0161a sodelavka, psihologinja Marjetka Mrak, ki ima dolgoletne izku\u0161nje pri delu z otroki in mladostniki. Kot svetovalna delavka je Marjetka Mrak najprej delala v redni osnovni \u0161oli, zdaj pa v na\u0161em Zavodu za gluhe in naglu\u0161ne Ljubljana, kjer&#8230; <a class=\"more-link\" href=\"http:\/\/www.trgovinica-zebra.si\/en\/vabimo-vas-na-predavanje-z-naslovom\/\">Continue reading &rarr;<\/a><\/p>\n","protected":false},"author":2,"featured_media":0,"comment_status":"closed","ping_status":"open","sticky":false,"template":"","format":"standard","meta":{"footnotes":""},"categories":[16],"tags":[],"class_list":["post-2035","post","type-post","status-publish","format-standard","hentry","category-obvestilo"],"translation":{"provider":"WPGlobus","version":"3.0.0","language":"en","enabled_languages":["sl","en"],"languages":{"sl":{"title":true,"content":true,"excerpt":false},"en":{"title":false,"content":false,"excerpt":false}}},"_links":{"self":[{"href":"http:\/\/www.trgovinica-zebra.si\/en\/wp-json\/wp\/v2\/posts\/2035","targetHints":{"allow":["GET"]}}],"collection":[{"href":"http:\/\/www.trgovinica-zebra.si\/en\/wp-json\/wp\/v2\/posts"}],"about":[{"href":"http:\/\/www.trgovinica-zebra.si\/en\/wp-json\/wp\/v2\/types\/post"}],"author":[{"embeddable":true,"href":"http:\/\/www.trgovinica-zebra.si\/en\/wp-json\/wp\/v2\/users\/2"}],"replies":[{"embeddable":true,"href":"http:\/\/www.trgovinica-zebra.si\/en\/wp-json\/wp\/v2\/comments?post=2035"}],"version-history":[{"count":0,"href":"http:\/\/www.trgovinica-zebra.si\/en\/wp-json\/wp\/v2\/posts\/2035\/revisions"}],"wp:attachment":[{"href":"http:\/\/www.trgovinica-zebra.si\/en\/wp-json\/wp\/v2\/media?parent=2035"}],"wp:term":[{"taxonomy":"category","embeddable":true,"href":"http:\/\/www.trgovinica-zebra.si\/en\/wp-json\/wp\/v2\/categories?post=2035"},{"taxonomy":"post_tag","embeddable":true,"href":"http:\/\/www.trgovinica-zebra.si\/en\/wp-json\/wp\/v2\/tags?post=2035"}],"curies":[{"name":"wp","href":"https:\/\/api.w.org\/{rel}","templated":true}]}}